{"id":8107,"date":"2016-10-21T12:36:47","date_gmt":"2016-10-21T11:36:47","guid":{"rendered":"http:\/\/www.kral-production.cz\/?p=8107"},"modified":"2025-12-14T17:07:22","modified_gmt":"2025-12-14T17:07:22","slug":"dynaxexpedice-sumava-13","status":"publish","type":"post","link":"https:\/\/kral-production.cz\/?p=8107","title":{"rendered":"Dynaxexpedice \u0160umava"},"content":{"rendered":"<p><em>21.10.2016 \u2013 Modrava<\/em><\/p>\n<p>Nastal podzimn\u00ed \u010das a to znamen\u00e1, \u017ee nade\u0161el \u010das na setk\u00e1n\u00ed s kamar\u00e1dy fotografy na podzimn\u00ed expedici.<\/p>\n<p>B\u011bhem v\u00edkendu jsme se toulali na Modrav\u011b, kolem Modravsk\u00e9ho potoka, na kopc\u00edch nad Srn\u00edm a Zh\u016f\u0159\u00edm a nad Ka\u0161persk\u00fdmi Horami na Pust\u00e9m hr\u00e1dku, odkud byl n\u00e1dhern\u00fd v\u00fdhled na Ka\u0161perk.<\/p>\nngg_shortcode_0_placeholder\n","protected":false},"excerpt":{"rendered":"<p>21.10.2016 \u2013 Modrava Nastal podzimn\u00ed \u010das a to znamen\u00e1, \u017ee nade\u0161el \u010das na setk\u00e1n\u00ed s kamar\u00e1dy fotografy na podzimn\u00ed expedici. B\u011bhem v\u00edkendu jsme se toulali na Modrav\u011b, kolem Modravsk\u00e9ho potoka, na kopc\u00edch nad Srn\u00edm a Zh\u016f\u0159\u00edm a nad Ka\u0161persk\u00fdmi Horami na Pust\u00e9m hr\u00e1dku, odkud byl n\u00e1dhern\u00fd v\u00fdhled na Ka\u0161perk.<\/p>\n","protected":false},"author":1,"featured_media":8108,"comment_status":"closed","ping_status":"open","sticky":false,"template":"","format":"standard","meta":{"_crdt_document":"","site-container-style":"default","site-container-layout":"default","site-sidebar-layout":"default","disable-article-header":"default","disable-site-header":"default","disable-site-footer":"default","disable-content-area-spacing":"default","ngg_post_thumbnail":0,"footnotes":""},"categories":[31,20],"tags":[32,23,21,22],"class_list":["post-8107","post","type-post","status-publish","format-standard","has-post-thumbnail","hentry","category-cestovani","category-krajina","tag-cestovani-2","tag-dynax","tag-krajina-2","tag-sumava"],"_links":{"self":[{"href":"https:\/\/kral-production.cz\/index.php?rest_route=\/wp\/v2\/posts\/8107","targetHints":{"allow":["GET"]}}],"collection":[{"href":"https:\/\/kral-production.cz\/index.php?rest_route=\/wp\/v2\/posts"}],"about":[{"href":"https:\/\/kral-production.cz\/index.php?rest_route=\/wp\/v2\/types\/post"}],"author":[{"embeddable":true,"href":"https:\/\/kral-production.cz\/index.php?rest_route=\/wp\/v2\/users\/1"}],"replies":[{"embeddable":true,"href":"https:\/\/kral-production.cz\/index.php?rest_route=%2Fwp%2Fv2%2Fcomments&post=8107"}],"version-history":[{"count":1,"href":"https:\/\/kral-production.cz\/index.php?rest_route=\/wp\/v2\/posts\/8107\/revisions"}],"predecessor-version":[{"id":22067,"href":"https:\/\/kral-production.cz\/index.php?rest_route=\/wp\/v2\/posts\/8107\/revisions\/22067"}],"wp:featuredmedia":[{"embeddable":true,"href":"https:\/\/kral-production.cz\/index.php?rest_route=\/wp\/v2\/media\/8108"}],"wp:attachment":[{"href":"https:\/\/kral-production.cz\/index.php?rest_route=%2Fwp%2Fv2%2Fmedia&parent=8107"}],"wp:term":[{"taxonomy":"category","embeddable":true,"href":"https:\/\/kral-production.cz\/index.php?rest_route=%2Fwp%2Fv2%2Fcategories&post=8107"},{"taxonomy":"post_tag","embeddable":true,"href":"https:\/\/kral-production.cz\/index.php?rest_route=%2Fwp%2Fv2%2Ftags&post=8107"}],"curies":[{"name":"wp","href":"https:\/\/api.w.org\/{rel}","templated":true}]}}