{"id":249,"date":"2011-03-27T23:00:14","date_gmt":"2011-03-27T22:00:14","guid":{"rendered":"http:\/\/www.kral-production.cz\/?p=249"},"modified":"2025-12-14T17:07:06","modified_gmt":"2025-12-14T17:07:06","slug":"ceske-budejovice-v-podvecer","status":"publish","type":"post","link":"https:\/\/kral-production.cz\/?p=249","title":{"rendered":"\u010cesk\u00e9 Bud\u011bjovice v podve\u010der"},"content":{"rendered":"<p><em>27.3.2011 \u2013 \u010cesk\u00e9 Bud\u011bjovice<\/em><\/p>\n<p>Jak jsem zjistil, tak plat\u00ed, \u017ee kov\u00e1\u0159ova kobyla chod\u00ed bosa a j\u00e1 m\u00e1m velmi m\u00e1lo fotografi\u00ed m\u00e9ho rodn\u00e9ho m\u011bsta. Proto jsem se vydal p\u0159ed z\u00e1padem slunce s fotoapar\u00e1tem na krku na proch\u00e1zku do m\u011bsta. Nebylo sice \u017e\u00e1dn\u00e9 velk\u00e9 teplo, ale po\u010das\u00ed mi p\u0159\u00e1lo a povedlo se mi ud\u011blat alespo\u0148 p\u00e1r p\u011bkn\u00fdch z\u00e1b\u011br\u016f.<\/p>\nngg_shortcode_0_placeholder\n","protected":false},"excerpt":{"rendered":"<p>27.3.2011 \u2013 \u010cesk\u00e9 Bud\u011bjovice Jak jsem zjistil, tak plat\u00ed, \u017ee kov\u00e1\u0159ova kobyla chod\u00ed bosa a j\u00e1 m\u00e1m velmi m\u00e1lo fotografi\u00ed m\u00e9ho rodn\u00e9ho m\u011bsta. Proto jsem se vydal p\u0159ed z\u00e1padem slunce s fotoapar\u00e1tem na krku na proch\u00e1zku do m\u011bsta. Nebylo sice \u017e\u00e1dn\u00e9 velk\u00e9 teplo, ale po\u010das\u00ed mi p\u0159\u00e1lo a povedlo se mi ud\u011blat alespo\u0148 p\u00e1r p\u011bkn\u00fdch [&hellip;]<\/p>\n","protected":false},"author":1,"featured_media":868,"comment_status":"closed","ping_status":"open","sticky":false,"template":"","format":"standard","meta":{"_crdt_document":"","site-container-style":"default","site-container-layout":"default","site-sidebar-layout":"default","disable-article-header":"default","disable-site-header":"default","disable-site-footer":"default","disable-content-area-spacing":"default","ngg_post_thumbnail":0,"footnotes":""},"categories":[31,11],"tags":[59,25],"class_list":["post-249","post","type-post","status-publish","format-standard","has-post-thumbnail","hentry","category-cestovani","category-vylety-do-mest","tag-architektura","tag-mesta"],"_links":{"self":[{"href":"https:\/\/kral-production.cz\/index.php?rest_route=\/wp\/v2\/posts\/249","targetHints":{"allow":["GET"]}}],"collection":[{"href":"https:\/\/kral-production.cz\/index.php?rest_route=\/wp\/v2\/posts"}],"about":[{"href":"https:\/\/kral-production.cz\/index.php?rest_route=\/wp\/v2\/types\/post"}],"author":[{"embeddable":true,"href":"https:\/\/kral-production.cz\/index.php?rest_route=\/wp\/v2\/users\/1"}],"replies":[{"embeddable":true,"href":"https:\/\/kral-production.cz\/index.php?rest_route=%2Fwp%2Fv2%2Fcomments&post=249"}],"version-history":[{"count":1,"href":"https:\/\/kral-production.cz\/index.php?rest_route=\/wp\/v2\/posts\/249\/revisions"}],"predecessor-version":[{"id":21942,"href":"https:\/\/kral-production.cz\/index.php?rest_route=\/wp\/v2\/posts\/249\/revisions\/21942"}],"wp:featuredmedia":[{"embeddable":true,"href":"https:\/\/kral-production.cz\/index.php?rest_route=\/wp\/v2\/media\/868"}],"wp:attachment":[{"href":"https:\/\/kral-production.cz\/index.php?rest_route=%2Fwp%2Fv2%2Fmedia&parent=249"}],"wp:term":[{"taxonomy":"category","embeddable":true,"href":"https:\/\/kral-production.cz\/index.php?rest_route=%2Fwp%2Fv2%2Fcategories&post=249"},{"taxonomy":"post_tag","embeddable":true,"href":"https:\/\/kral-production.cz\/index.php?rest_route=%2Fwp%2Fv2%2Ftags&post=249"}],"curies":[{"name":"wp","href":"https:\/\/api.w.org\/{rel}","templated":true}]}}