{"id":217,"date":"2011-07-08T23:00:35","date_gmt":"2011-07-08T22:00:35","guid":{"rendered":"http:\/\/www.kral-production.cz\/?p=217"},"modified":"2025-12-14T17:07:05","modified_gmt":"2025-12-14T17:07:05","slug":"fototoulky-jizni-moravou-a-slovenskem","status":"publish","type":"post","link":"https:\/\/kral-production.cz\/?p=217","title":{"rendered":"Fototoulky ji\u017en\u00ed Moravou a Slovenskem"},"content":{"rendered":"<p><em>8.7.2011 &#8211; Lednice, \u00da\u013eany n. \u017ditavou (SK), Sk\u00fdcov (SK)<\/em><\/p>\n<p>Cestou na Slovensko jsme se zastavili v Lednici, v are\u00e1lu z\u00e1mku nedaleko od B\u0159eclavi. N\u00e1sledn\u011b jsem si pobyt na ji\u017en\u00edm Slovensku kr\u00e1til mal\u00fdmi v\u00fdlety do fotograficky atraktivn\u011bj\u0161\u00edch lokalit nedaleko obce Sk\u00fdcov.<\/p>\nngg_shortcode_0_placeholder\n","protected":false},"excerpt":{"rendered":"<p>8.7.2011 &#8211; Lednice, \u00da\u013eany n. \u017ditavou (SK), Sk\u00fdcov (SK) Cestou na Slovensko jsme se zastavili v Lednici, v are\u00e1lu z\u00e1mku nedaleko od B\u0159eclavi. N\u00e1sledn\u011b jsem si pobyt na ji\u017en\u00edm Slovensku kr\u00e1til mal\u00fdmi v\u00fdlety do fotograficky atraktivn\u011bj\u0161\u00edch lokalit nedaleko obce Sk\u00fdcov.<\/p>\n","protected":false},"author":1,"featured_media":849,"comment_status":"closed","ping_status":"open","sticky":false,"template":"","format":"standard","meta":{"_crdt_document":"","site-container-style":"default","site-container-layout":"default","site-sidebar-layout":"default","disable-article-header":"default","disable-site-header":"default","disable-site-footer":"default","disable-content-area-spacing":"default","ngg_post_thumbnail":0,"footnotes":""},"categories":[31,20,11],"tags":[59,32,21,29,25,30],"class_list":["post-217","post","type-post","status-publish","format-standard","has-post-thumbnail","hentry","category-cestovani","category-krajina","category-vylety-do-mest","tag-architektura","tag-cestovani-2","tag-krajina-2","tag-lide-2","tag-mesta","tag-portret"],"_links":{"self":[{"href":"https:\/\/kral-production.cz\/index.php?rest_route=\/wp\/v2\/posts\/217","targetHints":{"allow":["GET"]}}],"collection":[{"href":"https:\/\/kral-production.cz\/index.php?rest_route=\/wp\/v2\/posts"}],"about":[{"href":"https:\/\/kral-production.cz\/index.php?rest_route=\/wp\/v2\/types\/post"}],"author":[{"embeddable":true,"href":"https:\/\/kral-production.cz\/index.php?rest_route=\/wp\/v2\/users\/1"}],"replies":[{"embeddable":true,"href":"https:\/\/kral-production.cz\/index.php?rest_route=%2Fwp%2Fv2%2Fcomments&post=217"}],"version-history":[{"count":1,"href":"https:\/\/kral-production.cz\/index.php?rest_route=\/wp\/v2\/posts\/217\/revisions"}],"predecessor-version":[{"id":21933,"href":"https:\/\/kral-production.cz\/index.php?rest_route=\/wp\/v2\/posts\/217\/revisions\/21933"}],"wp:featuredmedia":[{"embeddable":true,"href":"https:\/\/kral-production.cz\/index.php?rest_route=\/wp\/v2\/media\/849"}],"wp:attachment":[{"href":"https:\/\/kral-production.cz\/index.php?rest_route=%2Fwp%2Fv2%2Fmedia&parent=217"}],"wp:term":[{"taxonomy":"category","embeddable":true,"href":"https:\/\/kral-production.cz\/index.php?rest_route=%2Fwp%2Fv2%2Fcategories&post=217"},{"taxonomy":"post_tag","embeddable":true,"href":"https:\/\/kral-production.cz\/index.php?rest_route=%2Fwp%2Fv2%2Ftags&post=217"}],"curies":[{"name":"wp","href":"https:\/\/api.w.org\/{rel}","templated":true}]}}