{"id":13609,"date":"2019-01-20T12:25:49","date_gmt":"2019-01-20T11:25:49","guid":{"rendered":"http:\/\/www.kral-production.cz\/?p=13609"},"modified":"2025-12-14T17:07:26","modified_gmt":"2025-12-14T17:07:26","slug":"dynaxexpedice-praded","status":"publish","type":"post","link":"https:\/\/kral-production.cz\/?p=13609","title":{"rendered":"Dynaxexpedice Prad\u011bd"},"content":{"rendered":"<p><em>18.\u201320.1.2019 \u2013 Prad\u011bd<\/em><\/p>\n<p>Op\u011bt nade\u0161el kr\u00e1sn\u00fd \u010das setk\u00e1n\u00ed s kamar\u00e1dy fotografy. Tentokr\u00e1t jsme vyrazili na expedici na severn\u00ed Moravu na Prad\u011bd. Ubytovali jsme se na chat\u011b Kurzovn\u00ed nedaleko vrcholu hory Prad\u011bd.<\/p>\n<p>Po\u010das\u00ed n\u00e1m vy\u0161lo na v\u00fdte\u010dnou \u2013 slun\u00ed\u010dko sv\u00edtilo, byl p\u0159\u00edjemn\u00fd such\u00fd mr\u00e1z a bezv\u011bt\u0159\u00ed. Sn\u011bhu zde bylo v\u00edce ne\u017e dva metry, tak\u017ee jsem sn\u011b\u017enice vyu\u017eil v pln\u00e9 m\u00ed\u0159e. Toulali jsme se pod Petrov\u00fdmi kameny, pod vrcholem Vysok\u00e9 hole nad Velk\u00fdm kotlem a n\u011bkolikr\u00e1t vystoupali na Prad\u011bd.<\/p>\nngg_shortcode_0_placeholder\n","protected":false},"excerpt":{"rendered":"<p>18.\u201320.1.2019 \u2013 Prad\u011bd Op\u011bt nade\u0161el kr\u00e1sn\u00fd \u010das setk\u00e1n\u00ed s kamar\u00e1dy fotografy. Tentokr\u00e1t jsme vyrazili na expedici na severn\u00ed Moravu na Prad\u011bd. Ubytovali jsme se na chat\u011b Kurzovn\u00ed nedaleko vrcholu hory Prad\u011bd. Po\u010das\u00ed n\u00e1m vy\u0161lo na v\u00fdte\u010dnou \u2013 slun\u00ed\u010dko sv\u00edtilo, byl p\u0159\u00edjemn\u00fd such\u00fd mr\u00e1z a bezv\u011bt\u0159\u00ed. Sn\u011bhu zde bylo v\u00edce ne\u017e dva metry, tak\u017ee jsem sn\u011b\u017enice [&hellip;]<\/p>\n","protected":false},"author":1,"featured_media":13610,"comment_status":"closed","ping_status":"open","sticky":false,"template":"","format":"standard","meta":{"_crdt_document":"","site-container-style":"default","site-container-layout":"default","site-sidebar-layout":"default","disable-article-header":"default","disable-site-header":"default","disable-site-footer":"default","disable-content-area-spacing":"default","ngg_post_thumbnail":0,"footnotes":""},"categories":[31,20],"tags":[32,23,21],"class_list":["post-13609","post","type-post","status-publish","format-standard","has-post-thumbnail","hentry","category-cestovani","category-krajina","tag-cestovani-2","tag-dynax","tag-krajina-2"],"_links":{"self":[{"href":"https:\/\/kral-production.cz\/index.php?rest_route=\/wp\/v2\/posts\/13609","targetHints":{"allow":["GET"]}}],"collection":[{"href":"https:\/\/kral-production.cz\/index.php?rest_route=\/wp\/v2\/posts"}],"about":[{"href":"https:\/\/kral-production.cz\/index.php?rest_route=\/wp\/v2\/types\/post"}],"author":[{"embeddable":true,"href":"https:\/\/kral-production.cz\/index.php?rest_route=\/wp\/v2\/users\/1"}],"replies":[{"embeddable":true,"href":"https:\/\/kral-production.cz\/index.php?rest_route=%2Fwp%2Fv2%2Fcomments&post=13609"}],"version-history":[{"count":1,"href":"https:\/\/kral-production.cz\/index.php?rest_route=\/wp\/v2\/posts\/13609\/revisions"}],"predecessor-version":[{"id":22109,"href":"https:\/\/kral-production.cz\/index.php?rest_route=\/wp\/v2\/posts\/13609\/revisions\/22109"}],"wp:featuredmedia":[{"embeddable":true,"href":"https:\/\/kral-production.cz\/index.php?rest_route=\/wp\/v2\/media\/13610"}],"wp:attachment":[{"href":"https:\/\/kral-production.cz\/index.php?rest_route=%2Fwp%2Fv2%2Fmedia&parent=13609"}],"wp:term":[{"taxonomy":"category","embeddable":true,"href":"https:\/\/kral-production.cz\/index.php?rest_route=%2Fwp%2Fv2%2Fcategories&post=13609"},{"taxonomy":"post_tag","embeddable":true,"href":"https:\/\/kral-production.cz\/index.php?rest_route=%2Fwp%2Fv2%2Ftags&post=13609"}],"curies":[{"name":"wp","href":"https:\/\/api.w.org\/{rel}","templated":true}]}}